{"id":10253,"date":"2024-04-08T09:42:38","date_gmt":"2024-04-08T07:42:38","guid":{"rendered":"https:\/\/www.meschede-aktiv.de\/aktiv\/?p=10253"},"modified":"2024-04-08T09:42:38","modified_gmt":"2024-04-08T07:42:38","slug":"neues-second-hand-ladenlokal-lieblingsstuecke","status":"publish","type":"post","link":"https:\/\/www.meschede-aktiv.de\/aktiv\/?p=10253","title":{"rendered":"Neues Second-Hand-Ladenlokal &#8222;Lieblingsst\u00fccke&#8220;"},"content":{"rendered":"\n<p>Gemeinsam mit dem Stadtmarketing Meschede e.V. haben wir das neue Second-Hand-Ladenlokal &#8222;Lieblingsst\u00fccke&#8220; in der Ruhrstra\u00dfe 21 begr\u00fc\u00dft.<\/p>\n\n\n\n<p>Mit rund 120 Quadratmetern Ladenfl\u00e4che bieten das Deutsche Rote Kreuz hier eine vielf\u00e4ltige Auswahl an Kleidungsst\u00fccken, darunter auch hochwertige Markenware, zu kleinen Preisen an. <\/p>\n\n\n\n<p>Das Hauptziel? Nachhaltigkeit! In dem gebrauchte Kleidung weiterverwendet werden. Ab sofort k\u00f6nnen gut erhaltene Kleidungsst\u00fccke bei &#8222;Lieblingsst\u00fccke&#8220; abgeben und ihnen eine zweite Chance geschenkt werden.<\/p>\n","protected":false},"excerpt":{"rendered":"<p>Gemeinsam mit dem Stadtmarketing Meschede e.V. haben wir das neue Second-Hand-Ladenlokal &#8222;Lieblingsst\u00fccke&#8220; in der Ruhrstra\u00dfe 21 begr\u00fc\u00dft. Mit rund 120 Quadratmetern Ladenfl\u00e4che bieten das Deutsche Rote Kreuz hier eine vielf\u00e4ltige Auswahl an Kleidungsst\u00fccken, darunter auch hochwertige Markenware, zu kleinen Preisen an. Das Hauptziel? Nachhaltigkeit! In dem gebrauchte Kleidung weiterverwendet werden. Ab sofort k\u00f6nnen gut erhaltene [&hellip;]<\/p>\n","protected":false},"author":898,"featured_media":10254,"comment_status":"closed","ping_status":"closed","sticky":false,"template":"","format":"standard","meta":[],"categories":[1],"tags":[],"_links":{"self":[{"href":"https:\/\/www.meschede-aktiv.de\/aktiv\/index.php?rest_route=\/wp\/v2\/posts\/10253"}],"collection":[{"href":"https:\/\/www.meschede-aktiv.de\/aktiv\/index.php?rest_route=\/wp\/v2\/posts"}],"about":[{"href":"https:\/\/www.meschede-aktiv.de\/aktiv\/index.php?rest_route=\/wp\/v2\/types\/post"}],"author":[{"embeddable":true,"href":"https:\/\/www.meschede-aktiv.de\/aktiv\/index.php?rest_route=\/wp\/v2\/users\/898"}],"replies":[{"embeddable":true,"href":"https:\/\/www.meschede-aktiv.de\/aktiv\/index.php?rest_route=%2Fwp%2Fv2%2Fcomments&post=10253"}],"version-history":[{"count":1,"href":"https:\/\/www.meschede-aktiv.de\/aktiv\/index.php?rest_route=\/wp\/v2\/posts\/10253\/revisions"}],"predecessor-version":[{"id":10255,"href":"https:\/\/www.meschede-aktiv.de\/aktiv\/index.php?rest_route=\/wp\/v2\/posts\/10253\/revisions\/10255"}],"wp:featuredmedia":[{"embeddable":true,"href":"https:\/\/www.meschede-aktiv.de\/aktiv\/index.php?rest_route=\/wp\/v2\/media\/10254"}],"wp:attachment":[{"href":"https:\/\/www.meschede-aktiv.de\/aktiv\/index.php?rest_route=%2Fwp%2Fv2%2Fmedia&parent=10253"}],"wp:term":[{"taxonomy":"category","embeddable":true,"href":"https:\/\/www.meschede-aktiv.de\/aktiv\/index.php?rest_route=%2Fwp%2Fv2%2Fcategories&post=10253"},{"taxonomy":"post_tag","embeddable":true,"href":"https:\/\/www.meschede-aktiv.de\/aktiv\/index.php?rest_route=%2Fwp%2Fv2%2Ftags&post=10253"}],"curies":[{"name":"wp","href":"https:\/\/api.w.org\/{rel}","templated":true}]}}