{"id":10331,"date":"2024-10-30T11:00:24","date_gmt":"2024-10-30T10:00:24","guid":{"rendered":"https:\/\/www.meschede-aktiv.de\/aktiv\/?p=10331"},"modified":"2024-10-30T11:00:24","modified_gmt":"2024-10-30T10:00:24","slug":"neueroeffnung-classy-barbers","status":"publish","type":"post","link":"https:\/\/www.meschede-aktiv.de\/aktiv\/?p=10331","title":{"rendered":"Neuer\u00f6ffnung Classy Barber&#8217;s"},"content":{"rendered":"\n<p><strong>Der neue Barbershop in Meschede<\/strong><\/p>\n\n\n\n<p>In der Ruhrstra\u00dfe 20 in Meschede hat <em>Classy Barber&#8217;s<\/em>, ein moderner Barbershop, der stilvolle Dienstleistungen f\u00fcr Herren und Kinder anbietet, er\u00f6ffnet. Zum Angebot geh\u00f6ren professionelle Haarschnitte, Bartpflege, Haarstyling und F\u00e4rben sowie das pr\u00e4zise Zupfen der Augenbrauen.<\/p>\n","protected":false},"excerpt":{"rendered":"<p>Der neue Barbershop in Meschede In der Ruhrstra\u00dfe 20 in Meschede hat Classy Barber&#8217;s, ein moderner Barbershop, der stilvolle Dienstleistungen f\u00fcr Herren und Kinder anbietet, er\u00f6ffnet. Zum Angebot geh\u00f6ren professionelle Haarschnitte, Bartpflege, Haarstyling und F\u00e4rben sowie das pr\u00e4zise Zupfen der Augenbrauen.<\/p>\n","protected":false},"author":898,"featured_media":10332,"comment_status":"closed","ping_status":"closed","sticky":false,"template":"","format":"standard","meta":[],"categories":[1],"tags":[],"_links":{"self":[{"href":"https:\/\/www.meschede-aktiv.de\/aktiv\/index.php?rest_route=\/wp\/v2\/posts\/10331"}],"collection":[{"href":"https:\/\/www.meschede-aktiv.de\/aktiv\/index.php?rest_route=\/wp\/v2\/posts"}],"about":[{"href":"https:\/\/www.meschede-aktiv.de\/aktiv\/index.php?rest_route=\/wp\/v2\/types\/post"}],"author":[{"embeddable":true,"href":"https:\/\/www.meschede-aktiv.de\/aktiv\/index.php?rest_route=\/wp\/v2\/users\/898"}],"replies":[{"embeddable":true,"href":"https:\/\/www.meschede-aktiv.de\/aktiv\/index.php?rest_route=%2Fwp%2Fv2%2Fcomments&post=10331"}],"version-history":[{"count":1,"href":"https:\/\/www.meschede-aktiv.de\/aktiv\/index.php?rest_route=\/wp\/v2\/posts\/10331\/revisions"}],"predecessor-version":[{"id":10333,"href":"https:\/\/www.meschede-aktiv.de\/aktiv\/index.php?rest_route=\/wp\/v2\/posts\/10331\/revisions\/10333"}],"wp:featuredmedia":[{"embeddable":true,"href":"https:\/\/www.meschede-aktiv.de\/aktiv\/index.php?rest_route=\/wp\/v2\/media\/10332"}],"wp:attachment":[{"href":"https:\/\/www.meschede-aktiv.de\/aktiv\/index.php?rest_route=%2Fwp%2Fv2%2Fmedia&parent=10331"}],"wp:term":[{"taxonomy":"category","embeddable":true,"href":"https:\/\/www.meschede-aktiv.de\/aktiv\/index.php?rest_route=%2Fwp%2Fv2%2Fcategories&post=10331"},{"taxonomy":"post_tag","embeddable":true,"href":"https:\/\/www.meschede-aktiv.de\/aktiv\/index.php?rest_route=%2Fwp%2Fv2%2Ftags&post=10331"}],"curies":[{"name":"wp","href":"https:\/\/api.w.org\/{rel}","templated":true}]}}