{"id":10481,"date":"2025-06-16T14:53:34","date_gmt":"2025-06-16T12:53:34","guid":{"rendered":"https:\/\/www.meschede-aktiv.de\/aktiv\/?p=10481"},"modified":"2025-06-16T14:53:34","modified_gmt":"2025-06-16T12:53:34","slug":"praxis-fuer-dentalmedizin-schaltenberg","status":"publish","type":"post","link":"https:\/\/www.meschede-aktiv.de\/aktiv\/?p=10481","title":{"rendered":"Praxis f\u00fcr Dentalmedizin Schaltenberg"},"content":{"rendered":"\n<p>Heute haben wir gemeinsam mit dem Stadtmarketing Meschede einen spannenden Einblick in die modernisierten R\u00e4ume der Praxis f\u00fcr Dentalmedizin Schaltenberg erhalten! <\/p>\n\n\n\n<p><a><\/a>Die familiengef\u00fchrte Traditionspraxis besteht bereits seit 1881 \u2013 hier wird Zahnmedizin in vierter Generation mit Herz und Hightech vereint. Von Prophylaxe bis Zahnersatz bietet das engagierte Team ein breites Spektrum der modernen Zahnmedizin \u2013 und das in pers\u00f6nlicher Atmosph\u00e4re.<\/p>\n\n\n\n<p>Die barrierefreien R\u00e4umlichkeiten in der Von-Stephan-Stra\u00dfe 8 in Meschede sind nicht nur technisch auf dem neuesten Stand, sondern auch gut erreichbar f\u00fcr alle.<\/p>\n\n\n\n<p>Wir w\u00fcnschen unserem Mitglied, dem Team der Praxis Schaltenberg, weiterhin viel Erfolg und danken f\u00fcr den freundlichen Empfang! <\/p>\n","protected":false},"excerpt":{"rendered":"<p>Heute haben wir gemeinsam mit dem Stadtmarketing Meschede einen spannenden Einblick in die modernisierten R\u00e4ume der Praxis f\u00fcr Dentalmedizin Schaltenberg erhalten! Die familiengef\u00fchrte Traditionspraxis besteht bereits seit 1881 \u2013 hier wird Zahnmedizin in vierter Generation mit Herz und Hightech vereint. Von Prophylaxe bis Zahnersatz bietet das engagierte Team ein breites Spektrum der modernen Zahnmedizin \u2013 [&hellip;]<\/p>\n","protected":false},"author":898,"featured_media":10482,"comment_status":"closed","ping_status":"closed","sticky":false,"template":"","format":"standard","meta":[],"categories":[1],"tags":[],"_links":{"self":[{"href":"https:\/\/www.meschede-aktiv.de\/aktiv\/index.php?rest_route=\/wp\/v2\/posts\/10481"}],"collection":[{"href":"https:\/\/www.meschede-aktiv.de\/aktiv\/index.php?rest_route=\/wp\/v2\/posts"}],"about":[{"href":"https:\/\/www.meschede-aktiv.de\/aktiv\/index.php?rest_route=\/wp\/v2\/types\/post"}],"author":[{"embeddable":true,"href":"https:\/\/www.meschede-aktiv.de\/aktiv\/index.php?rest_route=\/wp\/v2\/users\/898"}],"replies":[{"embeddable":true,"href":"https:\/\/www.meschede-aktiv.de\/aktiv\/index.php?rest_route=%2Fwp%2Fv2%2Fcomments&post=10481"}],"version-history":[{"count":1,"href":"https:\/\/www.meschede-aktiv.de\/aktiv\/index.php?rest_route=\/wp\/v2\/posts\/10481\/revisions"}],"predecessor-version":[{"id":10483,"href":"https:\/\/www.meschede-aktiv.de\/aktiv\/index.php?rest_route=\/wp\/v2\/posts\/10481\/revisions\/10483"}],"wp:featuredmedia":[{"embeddable":true,"href":"https:\/\/www.meschede-aktiv.de\/aktiv\/index.php?rest_route=\/wp\/v2\/media\/10482"}],"wp:attachment":[{"href":"https:\/\/www.meschede-aktiv.de\/aktiv\/index.php?rest_route=%2Fwp%2Fv2%2Fmedia&parent=10481"}],"wp:term":[{"taxonomy":"category","embeddable":true,"href":"https:\/\/www.meschede-aktiv.de\/aktiv\/index.php?rest_route=%2Fwp%2Fv2%2Fcategories&post=10481"},{"taxonomy":"post_tag","embeddable":true,"href":"https:\/\/www.meschede-aktiv.de\/aktiv\/index.php?rest_route=%2Fwp%2Fv2%2Ftags&post=10481"}],"curies":[{"name":"wp","href":"https:\/\/api.w.org\/{rel}","templated":true}]}}